{"id":13021,"date":"2018-12-14T15:19:49","date_gmt":"2018-12-14T15:19:49","guid":{"rendered":"http:\/\/www.gardonyimor.hu\/?p=13021"},"modified":"2018-12-14T15:19:49","modified_gmt":"2018-12-14T15:19:49","slug":"muzeumpedagogiai-foglalkozas-3","status":"publish","type":"post","link":"https:\/\/www.gardonyimor.hu\/?p=13021","title":{"rendered":"M\u00fazeumpedag\u00f3giai foglalkoz\u00e1s"},"content":{"rendered":"<p>December 12-\u00e9n a Lamberg kast\u00e9ly m\u00fazeumpedag\u00f3giai foglalkoz\u00e1s\u00e1n vett\u00fcnk r\u00e9szt a 3.-4. oszt\u00e1ly tanul\u00f3ival. El\u0151ad\u00e1st hallgattunk az advent id\u0151szak\u00e1hoz kapcsol\u00f3d\u00f3 hagyom\u00e1nyokr\u00f3l, a Mikul\u00e1s t\u00f6rt\u00e9net\u00e9r\u0151l, a Luca naphoz k\u00f6thet\u0151 n\u00e9pszok\u00e1sokr\u00f3l. Sok \u00e9rdekess\u00e9get tudtunk meg a kar\u00e1csonyi vacsor\u00e1val kapcsolatosan. A foglalkoz\u00e1st k\u00f6z\u00f6s aj\u00e1nd\u00e9kk\u00e9sz\u00edt\u00e9ssel fejezt\u00fck be. M\u00e9zeskal\u00e1csot d\u00edsz\u00edtett\u00fcnk, d\u00edszes pap\u00edrtasakot k\u00e9sz\u00edtett\u00fcnk.<\/p>\n\n\t\t<style type=\"text\/css\">\n\t\t\t#gallery-1 {\n\t\t\t\tmargin: auto;\n\t\t\t}\n\t\t\t#gallery-1 .gallery-item {\n\t\t\t\tfloat: left;\n\t\t\t\tmargin-top: 10px;\n\t\t\t\ttext-align: center;\n\t\t\t\twidth: 25%;\n\t\t\t}\n\t\t\t#gallery-1 img {\n\t\t\t\tborder: 2px solid #cfcfcf;\n\t\t\t}\n\t\t\t#gallery-1 .gallery-caption {\n\t\t\t\tmargin-left: 0;\n\t\t\t}\n\t\t\t\/* see gallery_shortcode() in wp-includes\/media.php *\/\n\t\t<\/style>\n\t\t<div id='gallery-1' class='gallery galleryid-13021 gallery-columns-4 gallery-size-thumbnail'><dl class='gallery-item'>\n\t\t\t<dt class='gallery-icon portrait'>\n\t\t\t\t<a href='https:\/\/www.gardonyimor.hu\/?attachment_id=13022'><img loading=\"lazy\" decoding=\"async\" width=\"150\" height=\"150\" src=\"https:\/\/www.gardonyimor.hu\/wp-content\/uploads\/2018\/12\/IMG_20181212_120110-150x150.jpg\" class=\"attachment-thumbnail size-thumbnail\" alt=\"\" \/><\/a>\n\t\t\t<\/dt><\/dl><dl class='gallery-item'>\n\t\t\t<dt class='gallery-icon portrait'>\n\t\t\t\t<a href='https:\/\/www.gardonyimor.hu\/?attachment_id=13023'><img loading=\"lazy\" decoding=\"async\" width=\"150\" height=\"150\" src=\"https:\/\/www.gardonyimor.hu\/wp-content\/uploads\/2018\/12\/IMG_20181212_120200-150x150.jpg\" class=\"attachment-thumbnail size-thumbnail\" alt=\"\" \/><\/a>\n\t\t\t<\/dt><\/dl><dl class='gallery-item'>\n\t\t\t<dt class='gallery-icon portrait'>\n\t\t\t\t<a href='https:\/\/www.gardonyimor.hu\/?attachment_id=13024'><img loading=\"lazy\" decoding=\"async\" width=\"150\" height=\"150\" src=\"https:\/\/www.gardonyimor.hu\/wp-content\/uploads\/2018\/12\/IMG_20181212_120429-150x150.jpg\" class=\"attachment-thumbnail size-thumbnail\" alt=\"\" \/><\/a>\n\t\t\t<\/dt><\/dl><dl class='gallery-item'>\n\t\t\t<dt class='gallery-icon portrait'>\n\t\t\t\t<a href='https:\/\/www.gardonyimor.hu\/?attachment_id=13025'><img loading=\"lazy\" decoding=\"async\" width=\"150\" height=\"150\" src=\"https:\/\/www.gardonyimor.hu\/wp-content\/uploads\/2018\/12\/IMG_20181212_120441-150x150.jpg\" class=\"attachment-thumbnail size-thumbnail\" alt=\"\" \/><\/a>\n\t\t\t<\/dt><\/dl><br style=\"clear: both\" \/><dl class='gallery-item'>\n\t\t\t<dt class='gallery-icon portrait'>\n\t\t\t\t<a href='https:\/\/www.gardonyimor.hu\/?attachment_id=13026'><img loading=\"lazy\" decoding=\"async\" width=\"150\" height=\"150\" src=\"https:\/\/www.gardonyimor.hu\/wp-content\/uploads\/2018\/12\/IMG_20181212_121439-150x150.jpg\" class=\"attachment-thumbnail size-thumbnail\" alt=\"\" \/><\/a>\n\t\t\t<\/dt><\/dl><dl class='gallery-item'>\n\t\t\t<dt class='gallery-icon portrait'>\n\t\t\t\t<a href='https:\/\/www.gardonyimor.hu\/?attachment_id=13027'><img loading=\"lazy\" decoding=\"async\" width=\"150\" height=\"150\" src=\"https:\/\/www.gardonyimor.hu\/wp-content\/uploads\/2018\/12\/IMG_20181212_121511-150x150.jpg\" class=\"attachment-thumbnail size-thumbnail\" alt=\"\" \/><\/a>\n\t\t\t<\/dt><\/dl>\n\t\t\t<br style='clear: both' \/>\n\t\t<\/div>\n\n","protected":false},"excerpt":{"rendered":"<p>December 12-\u00e9n a Lamberg kast\u00e9ly m\u00fazeumpedag\u00f3giai foglalkoz\u00e1s\u00e1n vett\u00fcnk r\u00e9szt a 3.-4. oszt\u00e1ly tanul\u00f3ival. El\u0151ad\u00e1st hallgattunk az advent id\u0151szak\u00e1hoz kapcsol\u00f3d\u00f3 hagyom\u00e1nyokr\u00f3l, a Mikul\u00e1s t\u00f6rt\u00e9net\u00e9r\u0151l, a Luca naphoz k\u00f6thet\u0151 n\u00e9pszok\u00e1sokr\u00f3l. Sok \u00e9rdekess\u00e9get tudtunk meg a kar\u00e1csonyi vacsor\u00e1val kapcsolatosan. A foglalkoz\u00e1st k\u00f6z\u00f6s aj\u00e1nd\u00e9kk\u00e9sz\u00edt\u00e9ssel fejezt\u00fck be. M\u00e9zeskal\u00e1csot d\u00edsz\u00edtett\u00fcnk, d\u00edszes pap\u00edrtasakot k\u00e9sz\u00edtett\u00fcnk.<\/p>\n","protected":false},"author":1,"featured_media":0,"comment_status":"closed","ping_status":"open","sticky":false,"template":"","format":"standard","meta":{"footnotes":""},"categories":[1,2],"tags":[691,167,261,484],"class_list":["post-13021","post","type-post","status-publish","format-standard","hentry","category-egyeb","category-hirfolyam","tag-691","tag-3-4-osztaly","tag-eloadas","tag-muzeumpedagogiai-foglalkozas"],"_links":{"self":[{"href":"https:\/\/www.gardonyimor.hu\/index.php?rest_route=\/wp\/v2\/posts\/13021","targetHints":{"allow":["GET"]}}],"collection":[{"href":"https:\/\/www.gardonyimor.hu\/index.php?rest_route=\/wp\/v2\/posts"}],"about":[{"href":"https:\/\/www.gardonyimor.hu\/index.php?rest_route=\/wp\/v2\/types\/post"}],"author":[{"embeddable":true,"href":"https:\/\/www.gardonyimor.hu\/index.php?rest_route=\/wp\/v2\/users\/1"}],"replies":[{"embeddable":true,"href":"https:\/\/www.gardonyimor.hu\/index.php?rest_route=%2Fwp%2Fv2%2Fcomments&post=13021"}],"version-history":[{"count":1,"href":"https:\/\/www.gardonyimor.hu\/index.php?rest_route=\/wp\/v2\/posts\/13021\/revisions"}],"predecessor-version":[{"id":13028,"href":"https:\/\/www.gardonyimor.hu\/index.php?rest_route=\/wp\/v2\/posts\/13021\/revisions\/13028"}],"wp:attachment":[{"href":"https:\/\/www.gardonyimor.hu\/index.php?rest_route=%2Fwp%2Fv2%2Fmedia&parent=13021"}],"wp:term":[{"taxonomy":"category","embeddable":true,"href":"https:\/\/www.gardonyimor.hu\/index.php?rest_route=%2Fwp%2Fv2%2Fcategories&post=13021"},{"taxonomy":"post_tag","embeddable":true,"href":"https:\/\/www.gardonyimor.hu\/index.php?rest_route=%2Fwp%2Fv2%2Ftags&post=13021"}],"curies":[{"name":"wp","href":"https:\/\/api.w.org\/{rel}","templated":true}]}}