{"id":1355,"date":"2014-12-04T15:55:11","date_gmt":"2014-12-04T15:55:11","guid":{"rendered":"http:\/\/localhost\/?p=1355"},"modified":"2014-12-10T00:10:46","modified_gmt":"2014-12-10T00:10:46","slug":"palyavalasztasi-kiallitas-2014","status":"publish","type":"post","link":"https:\/\/www.gardonyimor.hu\/?p=1355","title":{"rendered":"P\u00e1lyav\u00e1laszt\u00e1si ki\u00e1ll\u00edt\u00e1s 2014"},"content":{"rendered":"<p>Ez \u00e9v november\u00e9ben ism\u00e9t p\u00e1lyav\u00e1laszt\u00e1si ki\u00e1ll\u00edt\u00e1son vett r\u00e9szt iskol\u00e1nk, mint ki\u00e1ll\u00edt\u00f3 int\u00e9zm\u00e9ny.<\/p>\n<p style=\"text-align: justify;\">A rendezv\u00e9ny k\u00e9tnapos volt. (nov. 14-15.) <span class=\"text_exposed_show\"><br \/>\nAz eg\u00e9sz megy\u00e9b\u0151l \u00e9rkeztek ki\u00e1ll\u00edt\u00f3 k\u00f6z\u00e9piskol\u00e1k. Sz\u00ednes bemutat\u00f3kkal, \u00edzletes falatokkal, \u00f6tletes dekor\u00e1ci\u00f3kkal csalogatt\u00e1k az \u00e9rdekl\u0151d\u0151ket a szakiskol\u00e1k, szakk\u00f6z\u00e9piskol\u00e1k \u00e9s gimn\u00e1ziumok.<br \/>\nIskol\u00e1nkb\u00f3l nem csak pedag\u00f3gusok, hanem tanul\u00f3ink is seg\u00edtettek az \u00e9rdekl\u0151d\u0151k k\u00edv\u00e1ncsis\u00e1g\u00e1t kiel\u00e9g\u00edteni. A hozz\u00e1nk ell\u00e1togat\u00f3 \u00e9s \u00e9rdekl\u0151d\u0151 tanul\u00f3k, tan\u00e1rok a besz\u00e9lget\u00e9s ut\u00e1n keresztrejtv\u00e9nyek \u00e9s TOT\u00d3K seg\u00edts\u00e9g\u00e9vel juthattak k\u00f6zelebb az iskol\u00e1nkban oktatott szakm\u00e1k tananyag\u00e1hoz.<\/span><\/p>\n<div class=\"text_exposed_show\">\n<p style=\"text-align: justify;\">A k\u00e9tnapos programot Dr. Czomba S\u00e1ndor Nemzetgazdas\u00e1gi Miniszt\u00e9rium Szakk\u00e9pz\u00e9s\u00e9rt \u00e9s Munkaer\u0151piac\u00e9rt Felel\u0151s \u00c1llamtitk\u00e1ra nyitotta meg.<br \/>\nA sz\u00f3rakoztat\u00f3, kultur\u00e1lis megnyit\u00f3 ut\u00e1n f\u00f3rumra invit\u00e1lta az \u00e9rdekl\u0151d\u0151 pedag\u00f3gusokat \u00e9s az \u00c1llamtitk\u00e1r \u00dar t\u00e1j\u00e9koztat\u00e1st adott a j\u00f6v\u0151beni szakk\u00e9pz\u00e9si tendenci\u00e1kr\u00f3l \u00e9s lehet\u0151s\u00e9gekr\u0151l.<\/p>\n<p style=\"text-align: justify;\">A ki\u00e1ll\u00edt\u00e1s sok tanul\u00f3nak, pedag\u00f3gusnak \u00e9s sz\u00fcl\u0151nek ny\u00fajtott seg\u00edts\u00e9get.<\/p>\n<p style=\"text-align: justify;\">\n\n\t\t<style type=\"text\/css\">\n\t\t\t#gallery-1 {\n\t\t\t\tmargin: auto;\n\t\t\t}\n\t\t\t#gallery-1 .gallery-item {\n\t\t\t\tfloat: left;\n\t\t\t\tmargin-top: 10px;\n\t\t\t\ttext-align: center;\n\t\t\t\twidth: 25%;\n\t\t\t}\n\t\t\t#gallery-1 img {\n\t\t\t\tborder: 2px solid #cfcfcf;\n\t\t\t}\n\t\t\t#gallery-1 .gallery-caption {\n\t\t\t\tmargin-left: 0;\n\t\t\t}\n\t\t\t\/* see gallery_shortcode() in wp-includes\/media.php *\/\n\t\t<\/style>\n\t\t<div id='gallery-1' class='gallery galleryid-1355 gallery-columns-4 gallery-size-thumbnail'><dl class='gallery-item'>\n\t\t\t<dt class='gallery-icon landscape'>\n\t\t\t\t<a href='https:\/\/www.gardonyimor.hu\/?attachment_id=1356'><img loading=\"lazy\" decoding=\"async\" width=\"150\" height=\"150\" src=\"https:\/\/www.gardonyimor.hu\/wp-content\/uploads\/2014\/12\/1441587_1717999681758756_342830238517261416_n-150x150.jpg\" class=\"attachment-thumbnail size-thumbnail\" alt=\"\" \/><\/a>\n\t\t\t<\/dt><\/dl><dl class='gallery-item'>\n\t\t\t<dt class='gallery-icon portrait'>\n\t\t\t\t<a href='https:\/\/www.gardonyimor.hu\/?attachment_id=1357'><img loading=\"lazy\" decoding=\"async\" width=\"150\" height=\"150\" src=\"https:\/\/www.gardonyimor.hu\/wp-content\/uploads\/2014\/12\/1471986_1717999478425443_7800908620326602064_n-150x150.jpg\" class=\"attachment-thumbnail size-thumbnail\" alt=\"\" \/><\/a>\n\t\t\t<\/dt><\/dl><dl class='gallery-item'>\n\t\t\t<dt class='gallery-icon landscape'>\n\t\t\t\t<a href='https:\/\/www.gardonyimor.hu\/?attachment_id=1358'><img loading=\"lazy\" decoding=\"async\" width=\"150\" height=\"150\" src=\"https:\/\/www.gardonyimor.hu\/wp-content\/uploads\/2014\/12\/10344785_1717999421758782_6752282697504993701_n-150x150.jpg\" class=\"attachment-thumbnail size-thumbnail\" alt=\"\" \/><\/a>\n\t\t\t<\/dt><\/dl><dl class='gallery-item'>\n\t\t\t<dt class='gallery-icon landscape'>\n\t\t\t\t<a href='https:\/\/www.gardonyimor.hu\/?attachment_id=1359'><img loading=\"lazy\" decoding=\"async\" width=\"150\" height=\"150\" src=\"https:\/\/www.gardonyimor.hu\/wp-content\/uploads\/2014\/12\/10593117_1717999595092098_4911448759900315853_n-150x150.jpg\" class=\"attachment-thumbnail size-thumbnail\" alt=\"\" \/><\/a>\n\t\t\t<\/dt><\/dl><br style=\"clear: both\" \/><dl class='gallery-item'>\n\t\t\t<dt class='gallery-icon landscape'>\n\t\t\t\t<a href='https:\/\/www.gardonyimor.hu\/?attachment_id=1360'><img loading=\"lazy\" decoding=\"async\" width=\"150\" height=\"150\" src=\"https:\/\/www.gardonyimor.hu\/wp-content\/uploads\/2014\/12\/10690274_1717999765092081_2132202970065247265_n-150x150.jpg\" class=\"attachment-thumbnail size-thumbnail\" alt=\"\" \/><\/a>\n\t\t\t<\/dt><\/dl>\n\t\t\t<br style='clear: both' \/>\n\t\t<\/div>\n\n<\/div>\n","protected":false},"excerpt":{"rendered":"<p>Ez \u00e9v november\u00e9ben ism\u00e9t p\u00e1lyav\u00e1laszt\u00e1si ki\u00e1ll\u00edt\u00e1son vett r\u00e9szt iskol\u00e1nk, mint ki\u00e1ll\u00edt\u00f3 int\u00e9zm\u00e9ny. A rendezv\u00e9ny k\u00e9tnapos volt. (nov. 14-15.) Az eg\u00e9sz megy\u00e9b\u0151l \u00e9rkeztek ki\u00e1ll\u00edt\u00f3 k\u00f6z\u00e9piskol\u00e1k. Sz\u00ednes bemutat\u00f3kkal, \u00edzletes falatokkal, \u00f6tletes dekor\u00e1ci\u00f3kkal csalogatt\u00e1k az \u00e9rdekl\u0151d\u0151ket a szakiskol\u00e1k, szakk\u00f6z\u00e9piskol\u00e1k \u00e9s gimn\u00e1ziumok. Iskol\u00e1nkb\u00f3l nem csak pedag\u00f3gusok, hanem tanul\u00f3ink is seg\u00edtettek az \u00e9rdekl\u0151d\u0151k k\u00edv\u00e1ncsis\u00e1g\u00e1t kiel\u00e9g\u00edteni. A hozz\u00e1nk ell\u00e1togat\u00f3 \u00e9s \u00e9rdekl\u0151d\u0151 [&hellip;]<\/p>\n","protected":false},"author":1,"featured_media":0,"comment_status":"closed","ping_status":"closed","sticky":false,"template":"","format":"standard","meta":{"footnotes":""},"categories":[2],"tags":[28,52,65,66],"class_list":["post-1355","post","type-post","status-publish","format-standard","hentry","category-hirfolyam","tag-28","tag-kiallitas","tag-palyavalasztas","tag-palyavalasztasi-kiallitas"],"_links":{"self":[{"href":"https:\/\/www.gardonyimor.hu\/index.php?rest_route=\/wp\/v2\/posts\/1355","targetHints":{"allow":["GET"]}}],"collection":[{"href":"https:\/\/www.gardonyimor.hu\/index.php?rest_route=\/wp\/v2\/posts"}],"about":[{"href":"https:\/\/www.gardonyimor.hu\/index.php?rest_route=\/wp\/v2\/types\/post"}],"author":[{"embeddable":true,"href":"https:\/\/www.gardonyimor.hu\/index.php?rest_route=\/wp\/v2\/users\/1"}],"replies":[{"embeddable":true,"href":"https:\/\/www.gardonyimor.hu\/index.php?rest_route=%2Fwp%2Fv2%2Fcomments&post=1355"}],"version-history":[{"count":1,"href":"https:\/\/www.gardonyimor.hu\/index.php?rest_route=\/wp\/v2\/posts\/1355\/revisions"}],"predecessor-version":[{"id":1361,"href":"https:\/\/www.gardonyimor.hu\/index.php?rest_route=\/wp\/v2\/posts\/1355\/revisions\/1361"}],"wp:attachment":[{"href":"https:\/\/www.gardonyimor.hu\/index.php?rest_route=%2Fwp%2Fv2%2Fmedia&parent=1355"}],"wp:term":[{"taxonomy":"category","embeddable":true,"href":"https:\/\/www.gardonyimor.hu\/index.php?rest_route=%2Fwp%2Fv2%2Fcategories&post=1355"},{"taxonomy":"post_tag","embeddable":true,"href":"https:\/\/www.gardonyimor.hu\/index.php?rest_route=%2Fwp%2Fv2%2Ftags&post=1355"}],"curies":[{"name":"wp","href":"https:\/\/api.w.org\/{rel}","templated":true}]}}