{"id":1526,"date":"2014-12-10T13:39:51","date_gmt":"2014-12-10T13:39:51","guid":{"rendered":"http:\/\/gardonyimor.hu\/?p=1526"},"modified":"2014-12-10T13:45:36","modified_gmt":"2014-12-10T13:45:36","slug":"tamop-3-1-6-112-palyazatot-nyertunk","status":"publish","type":"post","link":"https:\/\/www.gardonyimor.hu\/?p=1526","title":{"rendered":"T\u00c1MOP 3.1.6-11\/2 p\u00e1ly\u00e1zatot nyert\u00fcnk!"},"content":{"rendered":"<h3 style=\"text-align: center;\">Az Egys\u00e9ges Gy\u00f3gypedag\u00f3giai M\u00f3dszertani Int\u00e9zm\u00e9nyek \u00e1ltal ny\u00fajtott szolg\u00e1ltat\u00e1sok fejleszt\u00e9se \u00e9s a szolg\u00e1ltat\u00e1st t\u00e1mogat\u00f3 eszk\u00f6z\u00f6k beszerz\u00e9se<\/h3>\n<p>&nbsp;<\/p>\n<p>&nbsp;<\/p>\n<p style=\"text-align: justify;\"><img loading=\"lazy\" decoding=\"async\" class=\"alignleft size-full wp-image-1528\" src=\"http:\/\/gardonyimor.hu\/wp-content\/uploads\/szechenyi_2020_logo_fekvo_color_RGB.jpg\" alt=\"Sz\u00e9chenyi 2020\" width=\"232\" height=\"88\" \/>A <strong>p\u00e1ly\u00e1zat alapvet\u0151 c\u00e9lja<\/strong>, hogy a p\u00e1ly\u00e1z\u00f3 int\u00e9zm\u00e9nyek kapacit\u00e1s- \u00e9s szolg\u00e1ltat\u00e1sb\u0151v\u00edt\u00e9ssel hozz\u00e1j\u00e1ruljanak a saj\u00e1tos nevel\u00e9si ig\u00e9ny\u0171 gyermekek, tanul\u00f3k ell\u00e1t\u00f3rendszer\u00e9nek min\u0151s\u00e9gi jav\u00edt\u00e1s\u00e1hoz, alakuljon ki olyan szolg\u00e1ltat\u00e1si professzi\u00f3, ami biztos\u00edtja a min\u0151s\u00e9gi oktat\u00e1shoz val\u00f3 hozz\u00e1f\u00e9r\u00e9st, a sikeres egy\u00fcttnevel\u00e9s felt\u00e9teleinek megteremt\u00e9s\u00e9t, seg\u00edti a t\u00e1rsadalmi integr\u00e1ci\u00f3t, jav\u00edtja az es\u00e9lyeket a munkaer\u0151-piaci megjelen\u00e9sben.<\/p>\n<p style=\"text-align: justify;\">A p\u00e1ly\u00e1zat tov\u00e1bbi c\u00e9lja, hogy az Egys\u00e9ges Gy\u00f3gypedag\u00f3giai M\u00f3dszertani Int\u00e9zm\u00e9nyek speci\u00e1lis eszk\u00f6z\u00f6k beszerz\u00e9s\u00e9vel, kapacit\u00e1s \u00e9s szolg\u00e1ltat\u00e1sb\u0151v\u00edt\u00e9ssel a fogyat\u00e9koss\u00e1gi t\u00edpusok el\u0151fordul\u00e1s\u00e1nak ar\u00e1ny\u00e1ban jav\u00edts\u00e1k a ter\u00fcleti lefedetts\u00e9get, \u00e9s b\u0151v\u00edts\u00e9k a saj\u00e1tos nevel\u00e9si ig\u00e9ny\u0171 gyerekek ell\u00e1t\u00f3rendszer\u00e9nek k\u00edn\u00e1lat\u00e1t.<\/p>\n<p style=\"text-align: justify;\">A p\u00e1ly\u00e1zat c\u00e9lja tov\u00e1bb\u00e1, hogy a m\u00e1r m\u0171k\u00f6d\u0151 Egys\u00e9ges Gy\u00f3gypedag\u00f3giai M\u00f3dszertani Int\u00e9zm\u00e9nyek tov\u00e1bbfejleszt\u00e9s\u00e9vel \u00e9s \u00faj Egys\u00e9ges Gy\u00f3gypedag\u00f3giai M\u00f3dszertani Int\u00e9zm\u00e9nyek kialak\u00edt\u00e1s\u00e1val egys\u00e9ges standardok alapj\u00e1n m\u0171k\u00f6d\u0151, a helyi \u00e9s ter\u00fcleti ig\u00e9nyeket figyelembe vev\u0151, megfelel\u0151 min\u0151s\u00e9g\u0171 \u00e9s m\u00e9rt\u00e9k\u0171 kapacit\u00e1ssal rendelkez\u0151 szolg\u00e1ltat\u00e1si rendszer \u00e9p\u00fclj\u00f6n ki, amely hat\u00e9konyan k\u00e9pes seg\u00edteni az egy\u00fcttnevel\u00e9st t\u00e1mogat\u00f3 szolg\u00e1ltat\u00e1sok be\u00e9p\u00fcl\u00e9s\u00e9t a pedag\u00f3giai gyakorlatba, \u00e9s lehet\u0151v\u00e9 teszi, hogy a saj\u00e1tos nevel\u00e9si ig\u00e9ny\u0171 gyerekek, tanul\u00f3k lehet\u0151s\u00e9g szerint lak\u00f3hely\u00fckh\u00f6z k\u00f6zel kapj\u00e1k meg a k\u00fcl\u00f6nleges gondoz\u00e1si ig\u00e9ny\u00fckb\u0151l fakad\u00f3 szolg\u00e1ltat\u00e1sokat.<\/p>\n<p style=\"text-align: justify;\"><img loading=\"lazy\" decoding=\"async\" class=\"alignright wp-image-1529 size-full\" src=\"http:\/\/gardonyimor.hu\/wp-content\/uploads\/infoblokk_kedv_final_RGB_ESZA.jpg\" alt=\"Finansz\u00edroz\u00e1si infoblokk\" width=\"400\" height=\"276\" srcset=\"https:\/\/www.gardonyimor.hu\/wp-content\/uploads\/infoblokk_kedv_final_RGB_ESZA.jpg 400w, https:\/\/www.gardonyimor.hu\/wp-content\/uploads\/infoblokk_kedv_final_RGB_ESZA-300x207.jpg 300w\" sizes=\"auto, (max-width: 400px) 100vw, 400px\" \/><\/p>\n","protected":false},"excerpt":{"rendered":"<p>Az Egys\u00e9ges Gy\u00f3gypedag\u00f3giai M\u00f3dszertani Int\u00e9zm\u00e9nyek \u00e1ltal ny\u00fajtott szolg\u00e1ltat\u00e1sok fejleszt\u00e9se \u00e9s a szolg\u00e1ltat\u00e1st t\u00e1mogat\u00f3 eszk\u00f6z\u00f6k beszerz\u00e9se &nbsp; &nbsp; A p\u00e1ly\u00e1zat alapvet\u0151 c\u00e9lja, hogy a p\u00e1ly\u00e1z\u00f3 int\u00e9zm\u00e9nyek kapacit\u00e1s- \u00e9s szolg\u00e1ltat\u00e1sb\u0151v\u00edt\u00e9ssel hozz\u00e1j\u00e1ruljanak a saj\u00e1tos nevel\u00e9si ig\u00e9ny\u0171 gyermekek, tanul\u00f3k ell\u00e1t\u00f3rendszer\u00e9nek min\u0151s\u00e9gi jav\u00edt\u00e1s\u00e1hoz, alakuljon ki olyan szolg\u00e1ltat\u00e1si professzi\u00f3, ami biztos\u00edtja a min\u0151s\u00e9gi oktat\u00e1shoz val\u00f3 hozz\u00e1f\u00e9r\u00e9st, a sikeres egy\u00fcttnevel\u00e9s felt\u00e9teleinek megteremt\u00e9s\u00e9t, [&hellip;]<\/p>\n","protected":false},"author":1,"featured_media":0,"comment_status":"closed","ping_status":"closed","sticky":false,"template":"","format":"standard","meta":{"footnotes":""},"categories":[83],"tags":[28,84,184],"class_list":["post-1526","post","type-post","status-publish","format-standard","hentry","category-tamop-3-1-6-112","tag-28","tag-palyazat","tag-tamop-3-1-6-112"],"_links":{"self":[{"href":"https:\/\/www.gardonyimor.hu\/index.php?rest_route=\/wp\/v2\/posts\/1526","targetHints":{"allow":["GET"]}}],"collection":[{"href":"https:\/\/www.gardonyimor.hu\/index.php?rest_route=\/wp\/v2\/posts"}],"about":[{"href":"https:\/\/www.gardonyimor.hu\/index.php?rest_route=\/wp\/v2\/types\/post"}],"author":[{"embeddable":true,"href":"https:\/\/www.gardonyimor.hu\/index.php?rest_route=\/wp\/v2\/users\/1"}],"replies":[{"embeddable":true,"href":"https:\/\/www.gardonyimor.hu\/index.php?rest_route=%2Fwp%2Fv2%2Fcomments&post=1526"}],"version-history":[{"count":3,"href":"https:\/\/www.gardonyimor.hu\/index.php?rest_route=\/wp\/v2\/posts\/1526\/revisions"}],"predecessor-version":[{"id":1537,"href":"https:\/\/www.gardonyimor.hu\/index.php?rest_route=\/wp\/v2\/posts\/1526\/revisions\/1537"}],"wp:attachment":[{"href":"https:\/\/www.gardonyimor.hu\/index.php?rest_route=%2Fwp%2Fv2%2Fmedia&parent=1526"}],"wp:term":[{"taxonomy":"category","embeddable":true,"href":"https:\/\/www.gardonyimor.hu\/index.php?rest_route=%2Fwp%2Fv2%2Fcategories&post=1526"},{"taxonomy":"post_tag","embeddable":true,"href":"https:\/\/www.gardonyimor.hu\/index.php?rest_route=%2Fwp%2Fv2%2Ftags&post=1526"}],"curies":[{"name":"wp","href":"https:\/\/api.w.org\/{rel}","templated":true}]}}