{"id":25675,"date":"2026-01-27T13:08:18","date_gmt":"2026-01-27T13:08:18","guid":{"rendered":"https:\/\/www.gardonyimor.hu\/?p=25675"},"modified":"2026-01-27T13:08:19","modified_gmt":"2026-01-27T13:08:19","slug":"adomany-22","status":"publish","type":"post","link":"https:\/\/www.gardonyimor.hu\/?p=25675","title":{"rendered":"Adom\u00e1ny"},"content":{"rendered":"\n<p>Czachesz G\u00e1bor alpolg\u00e1rmester \u00far \u00e9s Cs\u00e1kv\u00e1ri Ilona k\u00e9pvisel\u0151 asszony a k\u00e9pvisel\u0151test\u00fclet gy\u0171jt\u00e9s\u00e9nek k\u00f6sz\u00f6nhet\u0151en, adom\u00e1nyt adott ma \u00e1t iskol\u00e1nknak. K\u00f6sz\u00f6nj\u00fck valamennyi di\u00e1kunk nev\u00e9ben!<\/p>\n\n\n\n<figure class=\"wp-block-gallery has-nested-images columns-default is-cropped wp-block-gallery-1 is-layout-flex wp-block-gallery-is-layout-flex\">\n<figure class=\"wp-block-image size-large\"><a href=\"https:\/\/www.gardonyimor.hu\/wp-content\/uploads\/2026\/01\/IMG_8782.webp\"><img loading=\"lazy\" decoding=\"async\" width=\"768\" height=\"1024\" data-id=\"25676\" src=\"https:\/\/www.gardonyimor.hu\/wp-content\/uploads\/2026\/01\/IMG_8782-768x1024.webp\" alt=\"\" class=\"wp-image-25676\" srcset=\"https:\/\/www.gardonyimor.hu\/wp-content\/uploads\/2026\/01\/IMG_8782-768x1024.webp 768w, https:\/\/www.gardonyimor.hu\/wp-content\/uploads\/2026\/01\/IMG_8782-225x300.webp 225w, https:\/\/www.gardonyimor.hu\/wp-content\/uploads\/2026\/01\/IMG_8782.webp 1080w\" sizes=\"auto, (max-width: 768px) 100vw, 768px\" \/><\/a><\/figure>\n\n\n\n<figure class=\"wp-block-image size-large\"><a href=\"https:\/\/www.gardonyimor.hu\/wp-content\/uploads\/2026\/01\/IMG_8783.webp\"><img loading=\"lazy\" decoding=\"async\" width=\"768\" height=\"1024\" data-id=\"25677\" src=\"https:\/\/www.gardonyimor.hu\/wp-content\/uploads\/2026\/01\/IMG_8783-768x1024.webp\" alt=\"\" class=\"wp-image-25677\" srcset=\"https:\/\/www.gardonyimor.hu\/wp-content\/uploads\/2026\/01\/IMG_8783-768x1024.webp 768w, https:\/\/www.gardonyimor.hu\/wp-content\/uploads\/2026\/01\/IMG_8783-225x300.webp 225w, https:\/\/www.gardonyimor.hu\/wp-content\/uploads\/2026\/01\/IMG_8783.webp 1080w\" sizes=\"auto, (max-width: 768px) 100vw, 768px\" \/><\/a><\/figure>\n<\/figure>\n","protected":false},"excerpt":{"rendered":"<p>Czachesz G\u00e1bor alpolg\u00e1rmester \u00far \u00e9s Cs\u00e1kv\u00e1ri Ilona k\u00e9pvisel\u0151 asszony a k\u00e9pvisel\u0151test\u00fclet gy\u0171jt\u00e9s\u00e9nek k\u00f6sz\u00f6nhet\u0151en, adom\u00e1nyt adott ma \u00e1t iskol\u00e1nknak. K\u00f6sz\u00f6nj\u00fck valamennyi di\u00e1kunk nev\u00e9ben!<\/p>\n","protected":false},"author":1,"featured_media":0,"comment_status":"closed","ping_status":"open","sticky":false,"template":"","format":"standard","meta":{"footnotes":""},"categories":[1,2],"tags":[1336,427],"class_list":["post-25675","post","type-post","status-publish","format-standard","hentry","category-egyeb","category-hirfolyam","tag-1336","tag-adomany"],"_links":{"self":[{"href":"https:\/\/www.gardonyimor.hu\/index.php?rest_route=\/wp\/v2\/posts\/25675","targetHints":{"allow":["GET"]}}],"collection":[{"href":"https:\/\/www.gardonyimor.hu\/index.php?rest_route=\/wp\/v2\/posts"}],"about":[{"href":"https:\/\/www.gardonyimor.hu\/index.php?rest_route=\/wp\/v2\/types\/post"}],"author":[{"embeddable":true,"href":"https:\/\/www.gardonyimor.hu\/index.php?rest_route=\/wp\/v2\/users\/1"}],"replies":[{"embeddable":true,"href":"https:\/\/www.gardonyimor.hu\/index.php?rest_route=%2Fwp%2Fv2%2Fcomments&post=25675"}],"version-history":[{"count":1,"href":"https:\/\/www.gardonyimor.hu\/index.php?rest_route=\/wp\/v2\/posts\/25675\/revisions"}],"predecessor-version":[{"id":25678,"href":"https:\/\/www.gardonyimor.hu\/index.php?rest_route=\/wp\/v2\/posts\/25675\/revisions\/25678"}],"wp:attachment":[{"href":"https:\/\/www.gardonyimor.hu\/index.php?rest_route=%2Fwp%2Fv2%2Fmedia&parent=25675"}],"wp:term":[{"taxonomy":"category","embeddable":true,"href":"https:\/\/www.gardonyimor.hu\/index.php?rest_route=%2Fwp%2Fv2%2Fcategories&post=25675"},{"taxonomy":"post_tag","embeddable":true,"href":"https:\/\/www.gardonyimor.hu\/index.php?rest_route=%2Fwp%2Fv2%2Ftags&post=25675"}],"curies":[{"name":"wp","href":"https:\/\/api.w.org\/{rel}","templated":true}]}}