{"id":25742,"date":"2026-04-21T08:27:48","date_gmt":"2026-04-21T08:27:48","guid":{"rendered":"https:\/\/www.gardonyimor.hu\/?p=25742"},"modified":"2026-04-21T08:27:49","modified_gmt":"2026-04-21T08:27:49","slug":"autizmus-vilagnap-3","status":"publish","type":"post","link":"https:\/\/www.gardonyimor.hu\/?p=25742","title":{"rendered":"Autizmus vil\u00e1gnap"},"content":{"rendered":"\n<p>Id\u00e9n is meg\u00fcnnepelt\u00fck iskol\u00e1nkban az autizmus vil\u00e1gnapj\u00e1t egy k\u00f6z\u00f6s fot\u00f3val. A fot\u00f3z\u00e1s ut\u00e1n mindenki kapott aj\u00e1nd\u00e9kba\u00a0k\u00e9k habcs\u00f3kot.\u00a0<img loading=\"lazy\" decoding=\"async\" width=\"72\" height=\"72\" src=\"file:\/\/\/C:\\Users\\TAMS~1\\AppData\\Local\\Temp\\msohtmlclip1\\01\\clip_image001.png\" alt=\"&#x1f499;\"><\/p>\n\n\n\n<figure class=\"wp-block-gallery has-nested-images columns-default is-cropped wp-block-gallery-1 is-layout-flex wp-block-gallery-is-layout-flex\">\n<figure class=\"wp-block-image size-large\"><a href=\"https:\/\/www.gardonyimor.hu\/wp-content\/uploads\/2026\/04\/20260401_085721.webp\"><img loading=\"lazy\" decoding=\"async\" width=\"1024\" height=\"768\" data-id=\"25743\" src=\"https:\/\/www.gardonyimor.hu\/wp-content\/uploads\/2026\/04\/20260401_085721-1024x768.webp\" alt=\"\" class=\"wp-image-25743\" srcset=\"https:\/\/www.gardonyimor.hu\/wp-content\/uploads\/2026\/04\/20260401_085721-1024x768.webp 1024w, https:\/\/www.gardonyimor.hu\/wp-content\/uploads\/2026\/04\/20260401_085721-300x225.webp 300w, https:\/\/www.gardonyimor.hu\/wp-content\/uploads\/2026\/04\/20260401_085721-768x576.webp 768w, https:\/\/www.gardonyimor.hu\/wp-content\/uploads\/2026\/04\/20260401_085721.webp 1440w\" sizes=\"auto, (max-width: 1024px) 100vw, 1024px\" \/><\/a><\/figure>\n\n\n\n<figure class=\"wp-block-image size-large\"><a href=\"https:\/\/www.gardonyimor.hu\/wp-content\/uploads\/2026\/04\/20260401_085708.webp\"><img loading=\"lazy\" decoding=\"async\" width=\"1024\" height=\"768\" data-id=\"25744\" src=\"https:\/\/www.gardonyimor.hu\/wp-content\/uploads\/2026\/04\/20260401_085708-1024x768.webp\" alt=\"\" class=\"wp-image-25744\" srcset=\"https:\/\/www.gardonyimor.hu\/wp-content\/uploads\/2026\/04\/20260401_085708-1024x768.webp 1024w, https:\/\/www.gardonyimor.hu\/wp-content\/uploads\/2026\/04\/20260401_085708-300x225.webp 300w, https:\/\/www.gardonyimor.hu\/wp-content\/uploads\/2026\/04\/20260401_085708-768x576.webp 768w, https:\/\/www.gardonyimor.hu\/wp-content\/uploads\/2026\/04\/20260401_085708.webp 1440w\" sizes=\"auto, (max-width: 1024px) 100vw, 1024px\" \/><\/a><\/figure>\n\n\n\n<figure class=\"wp-block-image size-large\"><a href=\"https:\/\/www.gardonyimor.hu\/wp-content\/uploads\/2026\/04\/20240405_110035.webp\"><img loading=\"lazy\" decoding=\"async\" width=\"768\" height=\"1024\" data-id=\"25746\" src=\"https:\/\/www.gardonyimor.hu\/wp-content\/uploads\/2026\/04\/20240405_110035-768x1024.webp\" alt=\"\" class=\"wp-image-25746\" srcset=\"https:\/\/www.gardonyimor.hu\/wp-content\/uploads\/2026\/04\/20240405_110035-768x1024.webp 768w, https:\/\/www.gardonyimor.hu\/wp-content\/uploads\/2026\/04\/20240405_110035-225x300.webp 225w, https:\/\/www.gardonyimor.hu\/wp-content\/uploads\/2026\/04\/20240405_110035.webp 1080w\" sizes=\"auto, (max-width: 768px) 100vw, 768px\" \/><\/a><\/figure>\n\n\n\n<figure class=\"wp-block-image size-large\"><a href=\"https:\/\/www.gardonyimor.hu\/wp-content\/uploads\/2026\/04\/20260401_085736.webp\"><img loading=\"lazy\" decoding=\"async\" width=\"768\" height=\"1024\" data-id=\"25745\" src=\"https:\/\/www.gardonyimor.hu\/wp-content\/uploads\/2026\/04\/20260401_085736-768x1024.webp\" alt=\"\" class=\"wp-image-25745\" srcset=\"https:\/\/www.gardonyimor.hu\/wp-content\/uploads\/2026\/04\/20260401_085736-768x1024.webp 768w, https:\/\/www.gardonyimor.hu\/wp-content\/uploads\/2026\/04\/20260401_085736-225x300.webp 225w, https:\/\/www.gardonyimor.hu\/wp-content\/uploads\/2026\/04\/20260401_085736.webp 1080w\" sizes=\"auto, (max-width: 768px) 100vw, 768px\" \/><\/a><\/figure>\n<\/figure>\n","protected":false},"excerpt":{"rendered":"<p>Id\u00e9n is meg\u00fcnnepelt\u00fck iskol\u00e1nkban az autizmus vil\u00e1gnapj\u00e1t egy k\u00f6z\u00f6s fot\u00f3val. A fot\u00f3z\u00e1s ut\u00e1n mindenki kapott aj\u00e1nd\u00e9kba\u00a0k\u00e9k habcs\u00f3kot.\u00a0<\/p>\n","protected":false},"author":1,"featured_media":0,"comment_status":"closed","ping_status":"open","sticky":false,"template":"","format":"standard","meta":{"footnotes":""},"categories":[1,2],"tags":[1336,1157,1343],"class_list":["post-25742","post","type-post","status-publish","format-standard","hentry","category-egyeb","category-hirfolyam","tag-1336","tag-autizmus-vilagnap","tag-kek"],"_links":{"self":[{"href":"https:\/\/www.gardonyimor.hu\/index.php?rest_route=\/wp\/v2\/posts\/25742","targetHints":{"allow":["GET"]}}],"collection":[{"href":"https:\/\/www.gardonyimor.hu\/index.php?rest_route=\/wp\/v2\/posts"}],"about":[{"href":"https:\/\/www.gardonyimor.hu\/index.php?rest_route=\/wp\/v2\/types\/post"}],"author":[{"embeddable":true,"href":"https:\/\/www.gardonyimor.hu\/index.php?rest_route=\/wp\/v2\/users\/1"}],"replies":[{"embeddable":true,"href":"https:\/\/www.gardonyimor.hu\/index.php?rest_route=%2Fwp%2Fv2%2Fcomments&post=25742"}],"version-history":[{"count":1,"href":"https:\/\/www.gardonyimor.hu\/index.php?rest_route=\/wp\/v2\/posts\/25742\/revisions"}],"predecessor-version":[{"id":25747,"href":"https:\/\/www.gardonyimor.hu\/index.php?rest_route=\/wp\/v2\/posts\/25742\/revisions\/25747"}],"wp:attachment":[{"href":"https:\/\/www.gardonyimor.hu\/index.php?rest_route=%2Fwp%2Fv2%2Fmedia&parent=25742"}],"wp:term":[{"taxonomy":"category","embeddable":true,"href":"https:\/\/www.gardonyimor.hu\/index.php?rest_route=%2Fwp%2Fv2%2Fcategories&post=25742"},{"taxonomy":"post_tag","embeddable":true,"href":"https:\/\/www.gardonyimor.hu\/index.php?rest_route=%2Fwp%2Fv2%2Ftags&post=25742"}],"curies":[{"name":"wp","href":"https:\/\/api.w.org\/{rel}","templated":true}]}}