{"id":4204,"date":"2015-10-19T20:12:20","date_gmt":"2015-10-19T20:12:20","guid":{"rendered":"http:\/\/www.gardonyimor.hu\/?p=4204"},"modified":"2015-10-22T09:49:16","modified_gmt":"2015-10-22T09:49:16","slug":"dohanyzas-megelozes-2015-01-30","status":"publish","type":"post","link":"https:\/\/www.gardonyimor.hu\/?p=4204","title":{"rendered":"Doh\u00e1nyz\u00e1s-megel\u0151z\u00e9s &#8211; 2015.01.30."},"content":{"rendered":"<p>El\u0151ad\u00f3: Barta Bal\u00e1zs<\/p>\n<p>A statisztikai adatok szerint nemcsak a doh\u00e1nyz\u00e1s kipr\u00f3b\u00e1l\u00e1sa de a rendszeres cigarett\u00e1z\u00e1s kialakul\u00e1sa is egyre fiatalabb \u00e9letkorban k\u00f6vetkezik be. Az \u00f3vod\u00e1b\u00f3l az \u00e1ltal\u00e1nos iskol\u00e1ba ker\u00fclt gyermeket a fels\u0151bb oszt\u00e1lyos tanul\u00f3k miatt, fokozottabban \u00e9rik azok a hat\u00e1sok, amelyek a doh\u00e1nyz\u00e1st k\u00f6vetend\u0151 p\u00e9ldak\u00e9nt \u00e1ll\u00edtj\u00e1k be.<br \/>\nAz egyik legfontosabb c\u00e9lja egy doh\u00e1nyz\u00e1s megel\u0151z\u00e9si programnak, hogy olyan v\u00e9lem\u00e9nyform\u00e1l\u00f3 \u00e9lm\u00e9nyek \u00e9rj\u00e9k a gyermekeket, amelyek hat\u00e1s\u00e1ra k\u00e9s\u0151bb min\u00e9l kevesebben pr\u00f3b\u00e1lj\u00e1k ki a cigarett\u00e1z\u00e1st, illetve szoknak r\u00e1 a doh\u00e1nyz\u00e1sra.<\/p>\n<p>Az iskolai program az \u00f3vodai program sor\u00e1n megalapozott ismeret\u00e1tad\u00e1st, illetve attit\u0171dform\u00e1l\u00e1st eredm\u00e9nyez\u0151 impulzus tov\u00e1bbi biztos\u00edt\u00e1s\u00e1ra, valamint az \u00e9letkori saj\u00e1toss\u00e1goknak megfelel\u0151 szeml\u00e9letform\u00e1l\u00e1sra t\u00f6rekszik tan\u00f3rai keretek k\u00f6z\u00f6tt, illetve tan\u00f3r\u00e1kon k\u00edv\u00fcl.<\/p>\n<p>C\u00e9ljai is megegyeznek az orsz\u00e1gban \u00e9vek \u00f3ta t\u00f6bb sz\u00e1z \u00f3vod\u00e1ban sikerrel fut\u00f3 \u00f3vodai program c\u00e9lkit\u0171z\u00e9seivel:<\/p>\n<ul>\n<li>A 6-10 \u00e9ves \u00e9letkornak megfelel\u0151 szint\u0171 inform\u00e1ci\u00f3k \u00e1tad\u00e1sa a doh\u00e1nyz\u00e1s eg\u00e9szs\u00e9gk\u00e1ros\u00edt\u00f3 hat\u00e1sair\u00f3l.<\/li>\n<li>A passz\u00edv doh\u00e1nyz\u00e1s k\u00e9nyszere elleni tudatos \u00e9s akt\u00edv fellep\u00e9s kialak\u00edt\u00e1sa.<\/li>\n<li>A csereszny\u00e9s szimb\u00f3lum jelent\u00e9s\u00e9nek meg\u00e9rtet\u00e9se a gyermekekkel.<\/li>\n<\/ul>\n<p>Az iskolai \u00e9let megkezd\u00e9se alapvet\u0151 v\u00e1ltoz\u00e1sokat hoz a kisgyermek \u00e9let\u00e9be, megv\u00e1ltozik a napirendje, nagyon sok \u00faj ismeretet, k\u00e9szs\u00e9get, szok\u00e1st, stb. kell elsaj\u00e1t\u00edtania. Amellett, hogy a tanul\u00e1s els\u0151dleges szerephez jut a gyermek \u00e9let\u00e9ben, tov\u00e1bbra is nagyon fontos szerepet kap a j\u00e1t\u00e9k, illetve a j\u00e1tszva tanul\u00e1s. Ezt kihaszn\u00e1lva tette a legkisebb koroszt\u00e1ly sz\u00e1m\u00e1ra is \u00e9rdekess\u00e9, \u00e9rthet\u0151v\u00e9 az el\u0151ad\u00f3 az \u00e1tadni k\u00edv\u00e1nt ismereteket.<\/p>\n<p>&nbsp;<\/p>\n<p>Balog-Egri Judit<\/p>\n<p>&nbsp;<\/p>\n\n\t\t<style type=\"text\/css\">\n\t\t\t#gallery-1 {\n\t\t\t\tmargin: auto;\n\t\t\t}\n\t\t\t#gallery-1 .gallery-item {\n\t\t\t\tfloat: left;\n\t\t\t\tmargin-top: 10px;\n\t\t\t\ttext-align: center;\n\t\t\t\twidth: 25%;\n\t\t\t}\n\t\t\t#gallery-1 img {\n\t\t\t\tborder: 2px solid #cfcfcf;\n\t\t\t}\n\t\t\t#gallery-1 .gallery-caption {\n\t\t\t\tmargin-left: 0;\n\t\t\t}\n\t\t\t\/* see gallery_shortcode() in wp-includes\/media.php *\/\n\t\t<\/style>\n\t\t<div id='gallery-1' class='gallery galleryid-4204 gallery-columns-4 gallery-size-thumbnail'><dl class='gallery-item'>\n\t\t\t<dt class='gallery-icon landscape'>\n\t\t\t\t<a href='https:\/\/www.gardonyimor.hu\/?attachment_id=4205'><img loading=\"lazy\" decoding=\"async\" width=\"150\" height=\"150\" src=\"https:\/\/www.gardonyimor.hu\/wp-content\/uploads\/145-150x150.jpg\" class=\"attachment-thumbnail size-thumbnail\" alt=\"\" \/><\/a>\n\t\t\t<\/dt><\/dl><dl class='gallery-item'>\n\t\t\t<dt class='gallery-icon landscape'>\n\t\t\t\t<a href='https:\/\/www.gardonyimor.hu\/?attachment_id=4206'><img loading=\"lazy\" decoding=\"async\" width=\"150\" height=\"150\" src=\"https:\/\/www.gardonyimor.hu\/wp-content\/uploads\/146-150x150.jpg\" class=\"attachment-thumbnail size-thumbnail\" alt=\"\" \/><\/a>\n\t\t\t<\/dt><\/dl><dl class='gallery-item'>\n\t\t\t<dt class='gallery-icon landscape'>\n\t\t\t\t<a href='https:\/\/www.gardonyimor.hu\/?attachment_id=4207'><img loading=\"lazy\" decoding=\"async\" width=\"150\" height=\"150\" src=\"https:\/\/www.gardonyimor.hu\/wp-content\/uploads\/147-150x150.jpg\" class=\"attachment-thumbnail size-thumbnail\" alt=\"\" \/><\/a>\n\t\t\t<\/dt><\/dl><dl class='gallery-item'>\n\t\t\t<dt class='gallery-icon landscape'>\n\t\t\t\t<a href='https:\/\/www.gardonyimor.hu\/?attachment_id=4208'><img loading=\"lazy\" decoding=\"async\" width=\"150\" height=\"150\" src=\"https:\/\/www.gardonyimor.hu\/wp-content\/uploads\/148-150x150.jpg\" class=\"attachment-thumbnail size-thumbnail\" alt=\"\" \/><\/a>\n\t\t\t<\/dt><\/dl><br style=\"clear: both\" \/><dl class='gallery-item'>\n\t\t\t<dt class='gallery-icon landscape'>\n\t\t\t\t<a href='https:\/\/www.gardonyimor.hu\/?attachment_id=4209'><img loading=\"lazy\" decoding=\"async\" width=\"150\" height=\"150\" src=\"https:\/\/www.gardonyimor.hu\/wp-content\/uploads\/149-150x150.jpg\" class=\"attachment-thumbnail size-thumbnail\" alt=\"\" \/><\/a>\n\t\t\t<\/dt><\/dl>\n\t\t\t<br style='clear: both' \/>\n\t\t<\/div>\n\n","protected":false},"excerpt":{"rendered":"<p>El\u0151ad\u00f3: Barta Bal\u00e1zs A statisztikai adatok szerint nemcsak a doh\u00e1nyz\u00e1s kipr\u00f3b\u00e1l\u00e1sa de a rendszeres cigarett\u00e1z\u00e1s kialakul\u00e1sa is egyre fiatalabb \u00e9letkorban k\u00f6vetkezik be. Az \u00f3vod\u00e1b\u00f3l az \u00e1ltal\u00e1nos iskol\u00e1ba ker\u00fclt gyermeket a fels\u0151bb oszt\u00e1lyos tanul\u00f3k miatt, fokozottabban \u00e9rik azok a hat\u00e1sok, amelyek a doh\u00e1nyz\u00e1st k\u00f6vetend\u0151 p\u00e9ldak\u00e9nt \u00e1ll\u00edtj\u00e1k be. Az egyik legfontosabb c\u00e9lja egy doh\u00e1nyz\u00e1s megel\u0151z\u00e9si programnak, hogy [&hellip;]<\/p>\n","protected":false},"author":1,"featured_media":0,"comment_status":"closed","ping_status":"closed","sticky":false,"template":"","format":"standard","meta":{"footnotes":""},"categories":[206,42],"tags":[45,182],"class_list":["post-4204","post","type-post","status-publish","format-standard","hentry","category-dohanyzas-megelozes","category-tamop-3-1-4-122","tag-dohanyzas-megelozes","tag-tamop-3-1-4-122"],"_links":{"self":[{"href":"https:\/\/www.gardonyimor.hu\/index.php?rest_route=\/wp\/v2\/posts\/4204","targetHints":{"allow":["GET"]}}],"collection":[{"href":"https:\/\/www.gardonyimor.hu\/index.php?rest_route=\/wp\/v2\/posts"}],"about":[{"href":"https:\/\/www.gardonyimor.hu\/index.php?rest_route=\/wp\/v2\/types\/post"}],"author":[{"embeddable":true,"href":"https:\/\/www.gardonyimor.hu\/index.php?rest_route=\/wp\/v2\/users\/1"}],"replies":[{"embeddable":true,"href":"https:\/\/www.gardonyimor.hu\/index.php?rest_route=%2Fwp%2Fv2%2Fcomments&post=4204"}],"version-history":[{"count":1,"href":"https:\/\/www.gardonyimor.hu\/index.php?rest_route=\/wp\/v2\/posts\/4204\/revisions"}],"predecessor-version":[{"id":4210,"href":"https:\/\/www.gardonyimor.hu\/index.php?rest_route=\/wp\/v2\/posts\/4204\/revisions\/4210"}],"wp:attachment":[{"href":"https:\/\/www.gardonyimor.hu\/index.php?rest_route=%2Fwp%2Fv2%2Fmedia&parent=4204"}],"wp:term":[{"taxonomy":"category","embeddable":true,"href":"https:\/\/www.gardonyimor.hu\/index.php?rest_route=%2Fwp%2Fv2%2Fcategories&post=4204"},{"taxonomy":"post_tag","embeddable":true,"href":"https:\/\/www.gardonyimor.hu\/index.php?rest_route=%2Fwp%2Fv2%2Ftags&post=4204"}],"curies":[{"name":"wp","href":"https:\/\/api.w.org\/{rel}","templated":true}]}}