{"id":5,"date":"2014-04-11T16:42:14","date_gmt":"2014-04-11T16:42:14","guid":{"rendered":"http:\/\/localhost\/?p=5"},"modified":"2014-12-03T21:35:27","modified_gmt":"2014-12-03T21:35:27","slug":"40-eves-jubileum-2014-04-11","status":"publish","type":"post","link":"https:\/\/www.gardonyimor.hu\/?p=5","title":{"rendered":"40 \u00e9ves jubileum! &#8211; 2014.04.11."},"content":{"rendered":"<p style=\"text-align: justify;\">40 \u00e9ves jubileum\u00e1t \u00fcnnepelte iskol\u00e1nk a G\u00e1rdonyi G\u00e9za \u00c1ltal\u00e1nos Iskola \u00e9s Speci\u00e1lis Szakiskola \u00e1prilis 11-\u00e9n.<\/p>\n<p style=\"text-align: justify;\">A jubileum alkalm\u00e1val Fenyves P\u00e9ter polg\u00e1rmester eml\u00e9klapot adott \u00e1t Sur\u00e1nyi G\u00e1born\u00e9 int\u00e9zm\u00e9nyvezet\u0151nek.<\/p>\n<p style=\"text-align: justify;\">Az iskola aul\u00e1j\u00e1ban felavatt\u00e1k az iskola 40 \u00e9v\u00e9nek eml\u00e9ket \u00e1ll\u00edt\u00f3 eml\u00e9kfalat, melynek l\u00e9trehoz\u00e1s\u00e1ban t\u00f6bb m\u00f3ri alkot\u00f3 is k\u00f6zrem\u0171k\u00f6d\u00f6tt.<\/p>\n\n\t\t<style type=\"text\/css\">\n\t\t\t#gallery-1 {\n\t\t\t\tmargin: auto;\n\t\t\t}\n\t\t\t#gallery-1 .gallery-item {\n\t\t\t\tfloat: left;\n\t\t\t\tmargin-top: 10px;\n\t\t\t\ttext-align: center;\n\t\t\t\twidth: 50%;\n\t\t\t}\n\t\t\t#gallery-1 img {\n\t\t\t\tborder: 2px solid #cfcfcf;\n\t\t\t}\n\t\t\t#gallery-1 .gallery-caption {\n\t\t\t\tmargin-left: 0;\n\t\t\t}\n\t\t\t\/* see gallery_shortcode() in wp-includes\/media.php *\/\n\t\t<\/style>\n\t\t<div id='gallery-1' class='gallery galleryid-5 gallery-columns-2 gallery-size-thumbnail'><dl class='gallery-item'>\n\t\t\t<dt class='gallery-icon landscape'>\n\t\t\t\t<a href='https:\/\/www.gardonyimor.hu\/?attachment_id=9'><img loading=\"lazy\" decoding=\"async\" width=\"150\" height=\"150\" src=\"https:\/\/www.gardonyimor.hu\/wp-content\/uploads\/2014\/12\/01-150x150.jpg\" class=\"attachment-thumbnail size-thumbnail\" alt=\"\" \/><\/a>\n\t\t\t<\/dt><\/dl><dl class='gallery-item'>\n\t\t\t<dt class='gallery-icon landscape'>\n\t\t\t\t<a href='https:\/\/www.gardonyimor.hu\/?attachment_id=10'><img loading=\"lazy\" decoding=\"async\" width=\"150\" height=\"150\" src=\"https:\/\/www.gardonyimor.hu\/wp-content\/uploads\/2014\/12\/02-150x150.jpg\" class=\"attachment-thumbnail size-thumbnail\" alt=\"\" \/><\/a>\n\t\t\t<\/dt><\/dl><br style=\"clear: both\" \/>\n\t\t<\/div>\n\n<p>&nbsp;<\/p>\n","protected":false},"excerpt":{"rendered":"<p>40 \u00e9ves jubileum\u00e1t \u00fcnnepelte iskol\u00e1nk a G\u00e1rdonyi G\u00e9za \u00c1ltal\u00e1nos Iskola \u00e9s Speci\u00e1lis Szakiskola \u00e1prilis 11-\u00e9n. A jubileum alkalm\u00e1val Fenyves P\u00e9ter polg\u00e1rmester eml\u00e9klapot adott \u00e1t Sur\u00e1nyi G\u00e1born\u00e9 int\u00e9zm\u00e9nyvezet\u0151nek. Az iskola aul\u00e1j\u00e1ban felavatt\u00e1k az iskola 40 \u00e9v\u00e9nek eml\u00e9ket \u00e1ll\u00edt\u00f3 eml\u00e9kfalat, melynek l\u00e9trehoz\u00e1s\u00e1ban t\u00f6bb m\u00f3ri alkot\u00f3 is k\u00f6zrem\u0171k\u00f6d\u00f6tt. &nbsp;<\/p>\n","protected":false},"author":1,"featured_media":0,"comment_status":"closed","ping_status":"closed","sticky":false,"template":"","format":"standard","meta":{"footnotes":""},"categories":[2],"tags":[12],"class_list":["post-5","post","type-post","status-publish","format-standard","hentry","category-hirfolyam","tag-jubileum"],"_links":{"self":[{"href":"https:\/\/www.gardonyimor.hu\/index.php?rest_route=\/wp\/v2\/posts\/5","targetHints":{"allow":["GET"]}}],"collection":[{"href":"https:\/\/www.gardonyimor.hu\/index.php?rest_route=\/wp\/v2\/posts"}],"about":[{"href":"https:\/\/www.gardonyimor.hu\/index.php?rest_route=\/wp\/v2\/types\/post"}],"author":[{"embeddable":true,"href":"https:\/\/www.gardonyimor.hu\/index.php?rest_route=\/wp\/v2\/users\/1"}],"replies":[{"embeddable":true,"href":"https:\/\/www.gardonyimor.hu\/index.php?rest_route=%2Fwp%2Fv2%2Fcomments&post=5"}],"version-history":[{"count":4,"href":"https:\/\/www.gardonyimor.hu\/index.php?rest_route=\/wp\/v2\/posts\/5\/revisions"}],"predecessor-version":[{"id":504,"href":"https:\/\/www.gardonyimor.hu\/index.php?rest_route=\/wp\/v2\/posts\/5\/revisions\/504"}],"wp:attachment":[{"href":"https:\/\/www.gardonyimor.hu\/index.php?rest_route=%2Fwp%2Fv2%2Fmedia&parent=5"}],"wp:term":[{"taxonomy":"category","embeddable":true,"href":"https:\/\/www.gardonyimor.hu\/index.php?rest_route=%2Fwp%2Fv2%2Fcategories&post=5"},{"taxonomy":"post_tag","embeddable":true,"href":"https:\/\/www.gardonyimor.hu\/index.php?rest_route=%2Fwp%2Fv2%2Ftags&post=5"}],"curies":[{"name":"wp","href":"https:\/\/api.w.org\/{rel}","templated":true}]}}