{"id":58,"date":"2014-04-25T18:10:20","date_gmt":"2014-04-25T18:10:20","guid":{"rendered":"http:\/\/localhost\/?p=58"},"modified":"2014-12-03T22:39:30","modified_gmt":"2014-12-03T22:39:30","slug":"szakma-kivalo-tanuloja-orszagos-verseny-2014-04-23-25","status":"publish","type":"post","link":"https:\/\/www.gardonyimor.hu\/?p=58","title":{"rendered":"Szakma Kiv\u00e1l\u00f3 tanul\u00f3ja orsz\u00e1gos verseny &#8211; 2014.04.23-25."},"content":{"rendered":"<p>Gratul\u00e1lunk!<\/p>\n<p style=\"text-align: justify;\">Kov\u00e1cs G\u00e1bor a Szakma Kiv\u00e1l\u00f3 tanul\u00f3ja orsz\u00e1gos versenyen, amit id\u00e9n B\u00e1boln\u00e1n rendeztek meg (norm\u00e1l szakk\u00e9pz\u0151 iskol\u00e1knak, nem speci\u00e1lis szakiskol\u00e1knak), 20 tanul\u00f3b\u00f3l a 11. helyez\u00e9st \u00e9rte el! Rendk\u00edv\u00fcl nagy \u00e9s kiemelked\u0151 teljes\u00edtm\u00e9ny. Gratul\u00e1lunk a felk\u00e9sz\u00edt\u0151 tan\u00e1roknak is: S\u00f3s Vikt\u00f3ria szakmai elm\u00e9let, \u00e9s V\u00edgv\u00e1ri Gy\u00f6rgy szakmai gyakorlat oktat\u00f3. A verseny 2014. 04. 23-25. k\u00f6z\u00f6tt volt.<\/p>\n<p>K\u00f6sz\u00f6net a felk\u00e9sz\u00edt\u0151 tan\u00e1roknak!<\/p>\n<p>&#8211; S\u00f3s Vikt\u00f3ria szakmai elm\u00e9let,<br \/>\n&#8211; V\u00edgv\u00e1ri Gy\u00f6rgy szakmai gyakorlat oktat\u00f3<\/p>\n<p>&nbsp;<\/p>\n\n\t\t<style type=\"text\/css\">\n\t\t\t#gallery-1 {\n\t\t\t\tmargin: auto;\n\t\t\t}\n\t\t\t#gallery-1 .gallery-item {\n\t\t\t\tfloat: left;\n\t\t\t\tmargin-top: 10px;\n\t\t\t\ttext-align: center;\n\t\t\t\twidth: 25%;\n\t\t\t}\n\t\t\t#gallery-1 img {\n\t\t\t\tborder: 2px solid #cfcfcf;\n\t\t\t}\n\t\t\t#gallery-1 .gallery-caption {\n\t\t\t\tmargin-left: 0;\n\t\t\t}\n\t\t\t\/* see gallery_shortcode() in wp-includes\/media.php *\/\n\t\t<\/style>\n\t\t<div id='gallery-1' class='gallery galleryid-58 gallery-columns-4 gallery-size-thumbnail'><dl class='gallery-item'>\n\t\t\t<dt class='gallery-icon landscape'>\n\t\t\t\t<a href='https:\/\/www.gardonyimor.hu\/?attachment_id=174'><img loading=\"lazy\" decoding=\"async\" width=\"150\" height=\"150\" src=\"https:\/\/www.gardonyimor.hu\/wp-content\/uploads\/2014\/12\/016-150x150.jpg\" class=\"attachment-thumbnail size-thumbnail\" alt=\"\" \/><\/a>\n\t\t\t<\/dt><\/dl><dl class='gallery-item'>\n\t\t\t<dt class='gallery-icon landscape'>\n\t\t\t\t<a href='https:\/\/www.gardonyimor.hu\/?attachment_id=175'><img loading=\"lazy\" decoding=\"async\" width=\"150\" height=\"150\" src=\"https:\/\/www.gardonyimor.hu\/wp-content\/uploads\/2014\/12\/026-150x150.jpg\" class=\"attachment-thumbnail size-thumbnail\" alt=\"\" \/><\/a>\n\t\t\t<\/dt><\/dl><dl class='gallery-item'>\n\t\t\t<dt class='gallery-icon portrait'>\n\t\t\t\t<a href='https:\/\/www.gardonyimor.hu\/?attachment_id=176'><img loading=\"lazy\" decoding=\"async\" width=\"150\" height=\"150\" src=\"https:\/\/www.gardonyimor.hu\/wp-content\/uploads\/2014\/12\/034-150x150.jpg\" class=\"attachment-thumbnail size-thumbnail\" alt=\"\" \/><\/a>\n\t\t\t<\/dt><\/dl><dl class='gallery-item'>\n\t\t\t<dt class='gallery-icon landscape'>\n\t\t\t\t<a href='https:\/\/www.gardonyimor.hu\/?attachment_id=177'><img loading=\"lazy\" decoding=\"async\" width=\"150\" height=\"150\" src=\"https:\/\/www.gardonyimor.hu\/wp-content\/uploads\/2014\/12\/044-150x150.jpg\" class=\"attachment-thumbnail size-thumbnail\" alt=\"\" \/><\/a>\n\t\t\t<\/dt><\/dl><br style=\"clear: both\" \/><dl class='gallery-item'>\n\t\t\t<dt class='gallery-icon landscape'>\n\t\t\t\t<a href='https:\/\/www.gardonyimor.hu\/?attachment_id=178'><img loading=\"lazy\" decoding=\"async\" width=\"150\" height=\"150\" src=\"https:\/\/www.gardonyimor.hu\/wp-content\/uploads\/2014\/12\/054-150x150.jpg\" class=\"attachment-thumbnail size-thumbnail\" alt=\"\" \/><\/a>\n\t\t\t<\/dt><\/dl>\n\t\t\t<br style='clear: both' \/>\n\t\t<\/div>\n\n","protected":false},"excerpt":{"rendered":"<p>Gratul\u00e1lunk! Kov\u00e1cs G\u00e1bor a Szakma Kiv\u00e1l\u00f3 tanul\u00f3ja orsz\u00e1gos versenyen, amit id\u00e9n B\u00e1boln\u00e1n rendeztek meg (norm\u00e1l szakk\u00e9pz\u0151 iskol\u00e1knak, nem speci\u00e1lis szakiskol\u00e1knak), 20 tanul\u00f3b\u00f3l a 11. helyez\u00e9st \u00e9rte el! Rendk\u00edv\u00fcl nagy \u00e9s kiemelked\u0151 teljes\u00edtm\u00e9ny. Gratul\u00e1lunk a felk\u00e9sz\u00edt\u0151 tan\u00e1roknak is: S\u00f3s Vikt\u00f3ria szakmai elm\u00e9let, \u00e9s V\u00edgv\u00e1ri Gy\u00f6rgy szakmai gyakorlat oktat\u00f3. A verseny 2014. 04. 23-25. k\u00f6z\u00f6tt volt. K\u00f6sz\u00f6net [&hellip;]<\/p>\n","protected":false},"author":1,"featured_media":0,"comment_status":"closed","ping_status":"closed","sticky":false,"template":"","format":"standard","meta":{"footnotes":""},"categories":[2],"tags":[6,5],"class_list":["post-58","post","type-post","status-publish","format-standard","hentry","category-hirfolyam","tag-orszagos-verseny","tag-szakma-kivalo-tanuloja"],"_links":{"self":[{"href":"https:\/\/www.gardonyimor.hu\/index.php?rest_route=\/wp\/v2\/posts\/58","targetHints":{"allow":["GET"]}}],"collection":[{"href":"https:\/\/www.gardonyimor.hu\/index.php?rest_route=\/wp\/v2\/posts"}],"about":[{"href":"https:\/\/www.gardonyimor.hu\/index.php?rest_route=\/wp\/v2\/types\/post"}],"author":[{"embeddable":true,"href":"https:\/\/www.gardonyimor.hu\/index.php?rest_route=\/wp\/v2\/users\/1"}],"replies":[{"embeddable":true,"href":"https:\/\/www.gardonyimor.hu\/index.php?rest_route=%2Fwp%2Fv2%2Fcomments&post=58"}],"version-history":[{"count":3,"href":"https:\/\/www.gardonyimor.hu\/index.php?rest_route=\/wp\/v2\/posts\/58\/revisions"}],"predecessor-version":[{"id":506,"href":"https:\/\/www.gardonyimor.hu\/index.php?rest_route=\/wp\/v2\/posts\/58\/revisions\/506"}],"wp:attachment":[{"href":"https:\/\/www.gardonyimor.hu\/index.php?rest_route=%2Fwp%2Fv2%2Fmedia&parent=58"}],"wp:term":[{"taxonomy":"category","embeddable":true,"href":"https:\/\/www.gardonyimor.hu\/index.php?rest_route=%2Fwp%2Fv2%2Fcategories&post=58"},{"taxonomy":"post_tag","embeddable":true,"href":"https:\/\/www.gardonyimor.hu\/index.php?rest_route=%2Fwp%2Fv2%2Ftags&post=58"}],"curies":[{"name":"wp","href":"https:\/\/api.w.org\/{rel}","templated":true}]}}