{"id":8111,"date":"2017-03-13T15:49:44","date_gmt":"2017-03-13T15:49:44","guid":{"rendered":"http:\/\/www.gardonyimor.hu\/?p=8111"},"modified":"2017-03-13T15:53:10","modified_gmt":"2017-03-13T15:53:10","slug":"rendhagyo-irodalom-ora","status":"publish","type":"post","link":"https:\/\/www.gardonyimor.hu\/?p=8111","title":{"rendered":"Rendhagy\u00f3 irodalom \u00f3ra"},"content":{"rendered":"<p>Egy kor\u00e1bbi tehets\u00e9gkutat\u00f3 telev\u00edzi\u00f3s m\u0171sorb\u00f3l (Csillag sz\u00fcletik) az\u00f3ta m\u00e1r orsz\u00e1gosan ismertt\u00e9 v\u00e1lt egy\u00fcttes a ,,K\u00e1v\u00e9sz\u00fcnet&#8221; koncertj\u00e9n vehettek r\u00e9szt m\u00e1rcius 2-\u00e1n iskol\u00e1nk 5-6. oszt\u00e1lyosai, feln\u0151tt k\u00eds\u00e9r\u0151ikkel a bodajki Hang-Sz\u00edn-T\u00e9r M\u0171v\u00e9szeti Iskola sz\u00ednh\u00e1zterm\u00e9ben. A rendhagy\u00f3 irodalom\u00f3r\u00e1n magyar k\u00f6lt\u0151k versei hangzottak el az egy\u00fcttes hangszerel\u00e9s\u00e9ben. A verseket n\u00e9pszer\u0171s\u00edt\u0151, orsz\u00e1got j\u00e1r\u00f3 programot di\u00e1kjaink nagyon \u00e9lvezt\u00e9k, \u00e9s t\u00f6bb dalt egy\u00fctt \u00e9nekeltek \u00e9s szavaltak az el\u0151ad\u00f3kkal. Nagy \u00e1lmuk teljes\u00fclt a szem\u00e9lyes tal\u00e1lkoz\u00e1ssal, s azzal, hogy a koncertet k\u00f6vet\u0151en k\u00f6z\u00f6s k\u00e9p is k\u00e9sz\u00fclhetett.<br \/>\nK\u00f6sz\u00f6net a m\u0171v\u00e9szeti iskola nevel\u0151inek is a sz\u00edves fogadtat\u00e1s\u00e9rt.<br \/>\n\n\t\t<style type=\"text\/css\">\n\t\t\t#gallery-1 {\n\t\t\t\tmargin: auto;\n\t\t\t}\n\t\t\t#gallery-1 .gallery-item {\n\t\t\t\tfloat: left;\n\t\t\t\tmargin-top: 10px;\n\t\t\t\ttext-align: center;\n\t\t\t\twidth: 25%;\n\t\t\t}\n\t\t\t#gallery-1 img {\n\t\t\t\tborder: 2px solid #cfcfcf;\n\t\t\t}\n\t\t\t#gallery-1 .gallery-caption {\n\t\t\t\tmargin-left: 0;\n\t\t\t}\n\t\t\t\/* see gallery_shortcode() in wp-includes\/media.php *\/\n\t\t<\/style>\n\t\t<div id='gallery-1' class='gallery galleryid-8111 gallery-columns-4 gallery-size-thumbnail'><dl class='gallery-item'>\n\t\t\t<dt class='gallery-icon landscape'>\n\t\t\t\t<a href='https:\/\/www.gardonyimor.hu\/?attachment_id=8113'><img loading=\"lazy\" decoding=\"async\" width=\"150\" height=\"150\" src=\"https:\/\/www.gardonyimor.hu\/wp-content\/uploads\/2017\/03\/20170302_085034-150x150.jpg\" class=\"attachment-thumbnail size-thumbnail\" alt=\"\" \/><\/a>\n\t\t\t<\/dt><\/dl><dl class='gallery-item'>\n\t\t\t<dt class='gallery-icon landscape'>\n\t\t\t\t<a href='https:\/\/www.gardonyimor.hu\/?attachment_id=8114'><img loading=\"lazy\" decoding=\"async\" width=\"150\" height=\"150\" src=\"https:\/\/www.gardonyimor.hu\/wp-content\/uploads\/2017\/03\/20170302_083914-150x150.jpg\" class=\"attachment-thumbnail size-thumbnail\" alt=\"\" \/><\/a>\n\t\t\t<\/dt><\/dl><dl class='gallery-item'>\n\t\t\t<dt class='gallery-icon landscape'>\n\t\t\t\t<a href='https:\/\/www.gardonyimor.hu\/?attachment_id=8115'><img loading=\"lazy\" decoding=\"async\" width=\"150\" height=\"150\" src=\"https:\/\/www.gardonyimor.hu\/wp-content\/uploads\/2017\/03\/20170302_083626-150x150.jpg\" class=\"attachment-thumbnail size-thumbnail\" alt=\"\" \/><\/a>\n\t\t\t<\/dt><\/dl><dl class='gallery-item'>\n\t\t\t<dt class='gallery-icon landscape'>\n\t\t\t\t<a href='https:\/\/www.gardonyimor.hu\/?attachment_id=8116'><img loading=\"lazy\" decoding=\"async\" width=\"150\" height=\"150\" src=\"https:\/\/www.gardonyimor.hu\/wp-content\/uploads\/2017\/03\/20170302_082119-150x150.jpg\" class=\"attachment-thumbnail size-thumbnail\" alt=\"\" \/><\/a>\n\t\t\t<\/dt><\/dl><br style=\"clear: both\" \/><dl class='gallery-item'>\n\t\t\t<dt class='gallery-icon landscape'>\n\t\t\t\t<a href='https:\/\/www.gardonyimor.hu\/?attachment_id=8117'><img loading=\"lazy\" decoding=\"async\" width=\"150\" height=\"150\" src=\"https:\/\/www.gardonyimor.hu\/wp-content\/uploads\/2017\/03\/20170302_082103-150x150.jpg\" class=\"attachment-thumbnail size-thumbnail\" alt=\"\" \/><\/a>\n\t\t\t<\/dt><\/dl><dl class='gallery-item'>\n\t\t\t<dt class='gallery-icon landscape'>\n\t\t\t\t<a href='https:\/\/www.gardonyimor.hu\/?attachment_id=8118'><img loading=\"lazy\" decoding=\"async\" width=\"150\" height=\"150\" src=\"https:\/\/www.gardonyimor.hu\/wp-content\/uploads\/2017\/03\/image-0-02-05-3406dfc8dae7b7dcada1bef0a59d4539570848b69bcfd6dc7d78435229f9b324-V-150x150.jpg\" class=\"attachment-thumbnail size-thumbnail\" alt=\"\" \/><\/a>\n\t\t\t<\/dt><\/dl><dl class='gallery-item'>\n\t\t\t<dt class='gallery-icon landscape'>\n\t\t\t\t<a href='https:\/\/www.gardonyimor.hu\/?attachment_id=8119'><img loading=\"lazy\" decoding=\"async\" width=\"150\" height=\"150\" src=\"https:\/\/www.gardonyimor.hu\/wp-content\/uploads\/2017\/03\/20170302_092237-150x150.jpg\" class=\"attachment-thumbnail size-thumbnail\" alt=\"\" \/><\/a>\n\t\t\t<\/dt><\/dl>\n\t\t\t<br style='clear: both' \/>\n\t\t<\/div>\n<\/p>\n","protected":false},"excerpt":{"rendered":"<p>Egy kor\u00e1bbi tehets\u00e9gkutat\u00f3 telev\u00edzi\u00f3s m\u0171sorb\u00f3l (Csillag sz\u00fcletik) az\u00f3ta m\u00e1r orsz\u00e1gosan ismertt\u00e9 v\u00e1lt egy\u00fcttes a ,,K\u00e1v\u00e9sz\u00fcnet&#8221; koncertj\u00e9n vehettek r\u00e9szt m\u00e1rcius 2-\u00e1n iskol\u00e1nk 5-6. oszt\u00e1lyosai, feln\u0151tt k\u00eds\u00e9r\u0151ikkel a bodajki Hang-Sz\u00edn-T\u00e9r M\u0171v\u00e9szeti Iskola sz\u00ednh\u00e1zterm\u00e9ben. A rendhagy\u00f3 irodalom\u00f3r\u00e1n magyar k\u00f6lt\u0151k versei hangzottak el az egy\u00fcttes hangszerel\u00e9s\u00e9ben. A verseket n\u00e9pszer\u0171s\u00edt\u0151, orsz\u00e1got j\u00e1r\u00f3 programot di\u00e1kjaink nagyon \u00e9lvezt\u00e9k, \u00e9s t\u00f6bb dalt egy\u00fctt [&hellip;]<\/p>\n","protected":false},"author":1,"featured_media":0,"comment_status":"open","ping_status":"open","sticky":false,"template":"","format":"standard","meta":{"footnotes":""},"categories":[1,2],"tags":[426,471,472,469,470,473],"class_list":["post-8111","post","type-post","status-publish","format-standard","hentry","category-egyeb","category-hirfolyam","tag-426","tag-bodajk","tag-hang-szin-ter-muveszeti-iskola","tag-kaveszunet","tag-koncert","tag-rendhagyo-irodalomora"],"_links":{"self":[{"href":"https:\/\/www.gardonyimor.hu\/index.php?rest_route=\/wp\/v2\/posts\/8111","targetHints":{"allow":["GET"]}}],"collection":[{"href":"https:\/\/www.gardonyimor.hu\/index.php?rest_route=\/wp\/v2\/posts"}],"about":[{"href":"https:\/\/www.gardonyimor.hu\/index.php?rest_route=\/wp\/v2\/types\/post"}],"author":[{"embeddable":true,"href":"https:\/\/www.gardonyimor.hu\/index.php?rest_route=\/wp\/v2\/users\/1"}],"replies":[{"embeddable":true,"href":"https:\/\/www.gardonyimor.hu\/index.php?rest_route=%2Fwp%2Fv2%2Fcomments&post=8111"}],"version-history":[{"count":2,"href":"https:\/\/www.gardonyimor.hu\/index.php?rest_route=\/wp\/v2\/posts\/8111\/revisions"}],"predecessor-version":[{"id":8120,"href":"https:\/\/www.gardonyimor.hu\/index.php?rest_route=\/wp\/v2\/posts\/8111\/revisions\/8120"}],"wp:attachment":[{"href":"https:\/\/www.gardonyimor.hu\/index.php?rest_route=%2Fwp%2Fv2%2Fmedia&parent=8111"}],"wp:term":[{"taxonomy":"category","embeddable":true,"href":"https:\/\/www.gardonyimor.hu\/index.php?rest_route=%2Fwp%2Fv2%2Fcategories&post=8111"},{"taxonomy":"post_tag","embeddable":true,"href":"https:\/\/www.gardonyimor.hu\/index.php?rest_route=%2Fwp%2Fv2%2Ftags&post=8111"}],"curies":[{"name":"wp","href":"https:\/\/api.w.org\/{rel}","templated":true}]}}