{"id":8388,"date":"2017-03-28T14:00:58","date_gmt":"2017-03-28T14:00:58","guid":{"rendered":"http:\/\/www.gardonyimor.hu\/?p=8388"},"modified":"2017-03-28T14:00:58","modified_gmt":"2017-03-28T14:00:58","slug":"11-keszsegfejleszto-osztaly-2","status":"publish","type":"post","link":"https:\/\/www.gardonyimor.hu\/?p=8388","title":{"rendered":"11. k\u00e9szs\u00e9gfejleszt\u0151 oszt\u00e1ly"},"content":{"rendered":"<p>M\u00e1rcius .20.-\u00e1n a 11. k\u00e9szs\u00e9gfejleszt\u0151 oszt\u00e1ly a v\u00edz vil\u00e1gnapja alkalm\u00e1b\u00f3l l\u00e1togat\u00e1st tett a m\u00f3ri v\u00edzm\u0171n\u00e9l. El\u0151ad\u00e1s form\u00e1j\u00e1ban t\u00e1j\u00e9koztat\u00e1st kaptak a tanul\u00f3k a m\u00f3ri v\u00edz min\u0151s\u00e9g\u00e9r\u0151l, a v\u00edz k\u00f6rforg\u00e1s\u00e1r\u00f3l \u00e9s a v\u00edz j\u00f3t\u00e9kony hat\u00e1sair\u00f3l. Az \u00e9rdekes el\u0151ad\u00e1st k\u00f6vet\u0151en a gyerekek egy kicsit m\u00e1s szemsz\u00f6gb\u0151l is l\u00e1thatt\u00e1k a v\u00edz jelent\u0151s\u00e9g\u00e9t.<br \/>\n\n\t\t<style type=\"text\/css\">\n\t\t\t#gallery-1 {\n\t\t\t\tmargin: auto;\n\t\t\t}\n\t\t\t#gallery-1 .gallery-item {\n\t\t\t\tfloat: left;\n\t\t\t\tmargin-top: 10px;\n\t\t\t\ttext-align: center;\n\t\t\t\twidth: 25%;\n\t\t\t}\n\t\t\t#gallery-1 img {\n\t\t\t\tborder: 2px solid #cfcfcf;\n\t\t\t}\n\t\t\t#gallery-1 .gallery-caption {\n\t\t\t\tmargin-left: 0;\n\t\t\t}\n\t\t\t\/* see gallery_shortcode() in wp-includes\/media.php *\/\n\t\t<\/style>\n\t\t<div id='gallery-1' class='gallery galleryid-8388 gallery-columns-4 gallery-size-thumbnail'><dl class='gallery-item'>\n\t\t\t<dt class='gallery-icon portrait'>\n\t\t\t\t<a href='https:\/\/www.gardonyimor.hu\/?attachment_id=8389'><img loading=\"lazy\" decoding=\"async\" width=\"150\" height=\"150\" src=\"https:\/\/www.gardonyimor.hu\/wp-content\/uploads\/2017\/03\/20170320_094603-150x150.jpg\" class=\"attachment-thumbnail size-thumbnail\" alt=\"\" \/><\/a>\n\t\t\t<\/dt><\/dl><dl class='gallery-item'>\n\t\t\t<dt class='gallery-icon portrait'>\n\t\t\t\t<a href='https:\/\/www.gardonyimor.hu\/?attachment_id=8390'><img loading=\"lazy\" decoding=\"async\" width=\"150\" height=\"150\" src=\"https:\/\/www.gardonyimor.hu\/wp-content\/uploads\/2017\/03\/20170320_094938-150x150.jpg\" class=\"attachment-thumbnail size-thumbnail\" alt=\"\" \/><\/a>\n\t\t\t<\/dt><\/dl><dl class='gallery-item'>\n\t\t\t<dt class='gallery-icon portrait'>\n\t\t\t\t<a href='https:\/\/www.gardonyimor.hu\/?attachment_id=8391'><img loading=\"lazy\" decoding=\"async\" width=\"150\" height=\"150\" src=\"https:\/\/www.gardonyimor.hu\/wp-content\/uploads\/2017\/03\/20170320_110012-150x150.jpg\" class=\"attachment-thumbnail size-thumbnail\" alt=\"\" \/><\/a>\n\t\t\t<\/dt><\/dl><dl class='gallery-item'>\n\t\t\t<dt class='gallery-icon landscape'>\n\t\t\t\t<a href='https:\/\/www.gardonyimor.hu\/?attachment_id=8392'><img loading=\"lazy\" decoding=\"async\" width=\"150\" height=\"150\" src=\"https:\/\/www.gardonyimor.hu\/wp-content\/uploads\/2017\/03\/received_442500986094376-150x150.jpeg\" class=\"attachment-thumbnail size-thumbnail\" alt=\"\" \/><\/a>\n\t\t\t<\/dt><\/dl><br style=\"clear: both\" \/><dl class='gallery-item'>\n\t\t\t<dt class='gallery-icon landscape'>\n\t\t\t\t<a href='https:\/\/www.gardonyimor.hu\/?attachment_id=8393'><img loading=\"lazy\" decoding=\"async\" width=\"150\" height=\"150\" src=\"https:\/\/www.gardonyimor.hu\/wp-content\/uploads\/2017\/03\/received_442500986094376-150x150.jpg\" class=\"attachment-thumbnail size-thumbnail\" alt=\"\" \/><\/a>\n\t\t\t<\/dt><\/dl>\n\t\t\t<br style='clear: both' \/>\n\t\t<\/div>\n<\/p>\n","protected":false},"excerpt":{"rendered":"<p>M\u00e1rcius .20.-\u00e1n a 11. k\u00e9szs\u00e9gfejleszt\u0151 oszt\u00e1ly a v\u00edz vil\u00e1gnapja alkalm\u00e1b\u00f3l l\u00e1togat\u00e1st tett a m\u00f3ri v\u00edzm\u0171n\u00e9l. El\u0151ad\u00e1s form\u00e1j\u00e1ban t\u00e1j\u00e9koztat\u00e1st kaptak a tanul\u00f3k a m\u00f3ri v\u00edz min\u0151s\u00e9g\u00e9r\u0151l, a v\u00edz k\u00f6rforg\u00e1s\u00e1r\u00f3l \u00e9s a v\u00edz j\u00f3t\u00e9kony hat\u00e1sair\u00f3l. Az \u00e9rdekes el\u0151ad\u00e1st k\u00f6vet\u0151en a gyerekek egy kicsit m\u00e1s szemsz\u00f6gb\u0151l is l\u00e1thatt\u00e1k a v\u00edz jelent\u0151s\u00e9g\u00e9t.<\/p>\n","protected":false},"author":1,"featured_media":0,"comment_status":"closed","ping_status":"open","sticky":false,"template":"","format":"standard","meta":{"footnotes":""},"categories":[1,2],"tags":[499,426,261,502,503,288],"class_list":["post-8388","post","type-post","status-publish","format-standard","hentry","category-egyeb","category-hirfolyam","tag-11-keszsegfejleszto-osztaly","tag-426","tag-eloadas","tag-mori-vizmu","tag-tajekoztatas","tag-viz-vilagnapja"],"_links":{"self":[{"href":"https:\/\/www.gardonyimor.hu\/index.php?rest_route=\/wp\/v2\/posts\/8388","targetHints":{"allow":["GET"]}}],"collection":[{"href":"https:\/\/www.gardonyimor.hu\/index.php?rest_route=\/wp\/v2\/posts"}],"about":[{"href":"https:\/\/www.gardonyimor.hu\/index.php?rest_route=\/wp\/v2\/types\/post"}],"author":[{"embeddable":true,"href":"https:\/\/www.gardonyimor.hu\/index.php?rest_route=\/wp\/v2\/users\/1"}],"replies":[{"embeddable":true,"href":"https:\/\/www.gardonyimor.hu\/index.php?rest_route=%2Fwp%2Fv2%2Fcomments&post=8388"}],"version-history":[{"count":1,"href":"https:\/\/www.gardonyimor.hu\/index.php?rest_route=\/wp\/v2\/posts\/8388\/revisions"}],"predecessor-version":[{"id":8394,"href":"https:\/\/www.gardonyimor.hu\/index.php?rest_route=\/wp\/v2\/posts\/8388\/revisions\/8394"}],"wp:attachment":[{"href":"https:\/\/www.gardonyimor.hu\/index.php?rest_route=%2Fwp%2Fv2%2Fmedia&parent=8388"}],"wp:term":[{"taxonomy":"category","embeddable":true,"href":"https:\/\/www.gardonyimor.hu\/index.php?rest_route=%2Fwp%2Fv2%2Fcategories&post=8388"},{"taxonomy":"post_tag","embeddable":true,"href":"https:\/\/www.gardonyimor.hu\/index.php?rest_route=%2Fwp%2Fv2%2Ftags&post=8388"}],"curies":[{"name":"wp","href":"https:\/\/api.w.org\/{rel}","templated":true}]}}